{"id":4579,"date":"2011-07-22T08:51:36","date_gmt":"2011-07-22T07:51:36","guid":{"rendered":"http:\/\/www.movint.es\/gerente-de-almacenamiento\/"},"modified":"2020-02-16T23:48:29","modified_gmt":"2020-02-16T23:48:29","slug":"gerente-de-almacenamiento","status":"publish","type":"post","link":"https:\/\/www.movint.es\/ca\/gerente-de-almacenamiento\/","title":{"rendered":"Gerent d\u2019Emmagatzematge"},"content":{"rendered":"<p>Ha d&#8217;aconseguir una operaci\u00f3 eficient de les instal\u00b7lacions d&#8217;emmagatzematge comercial o industrial o de centres de distribuci\u00f3. Gesti\u00f3 de les activitats internes de recepci\u00f3 i dip\u00f2sit de mercaderies, inventari i reclams. Involucra les activitats externes de seguiment de comandes, reposici\u00f3 d&#8217;inventari i despatx. Responsable de pressupost, servei al client, operaci\u00f3 d&#8217;instal\u00b7lacions i equip. Administraci\u00f3 global de la gesti\u00f3 d&#8217;inventari, productivitat, efic\u00e0cia i prevenci\u00f3 de faltantes per assegurar l&#8217;obtenci\u00f3 dels requeriments del client.<br \/>\n<!--:--><\/p>\n","protected":false},"excerpt":{"rendered":"<p>Ha d&#8217;aconseguir una operaci\u00f3 eficient de les instal\u00b7lacions d&#8217;emmagatzematge comercial o industrial o de centres de distribuci\u00f3. Gesti\u00f3 de les activitats internes de recepci\u00f3 i dip\u00f2sit de mercaderies, inventari i reclams. Involucra les activitats externes de seguiment de comandes, reposici\u00f3 d&#8217;inventari i despatx. Responsable de pressupost, servei al client, operaci\u00f3 d&#8217;instal\u00b7lacions i equip. Administraci\u00f3 global&hellip;<\/p>\n","protected":false},"author":1,"featured_media":0,"comment_status":"open","ping_status":"open","sticky":false,"template":"","format":"standard","meta":[],"categories":[113],"tags":[],"_links":{"self":[{"href":"https:\/\/www.movint.es\/ca\/wp-json\/wp\/v2\/posts\/4579"}],"collection":[{"href":"https:\/\/www.movint.es\/ca\/wp-json\/wp\/v2\/posts"}],"about":[{"href":"https:\/\/www.movint.es\/ca\/wp-json\/wp\/v2\/types\/post"}],"author":[{"embeddable":true,"href":"https:\/\/www.movint.es\/ca\/wp-json\/wp\/v2\/users\/1"}],"replies":[{"embeddable":true,"href":"https:\/\/www.movint.es\/ca\/wp-json\/wp\/v2\/comments?post=4579"}],"version-history":[{"count":1,"href":"https:\/\/www.movint.es\/ca\/wp-json\/wp\/v2\/posts\/4579\/revisions"}],"predecessor-version":[{"id":5221,"href":"https:\/\/www.movint.es\/ca\/wp-json\/wp\/v2\/posts\/4579\/revisions\/5221"}],"wp:attachment":[{"href":"https:\/\/www.movint.es\/ca\/wp-json\/wp\/v2\/media?parent=4579"}],"wp:term":[{"taxonomy":"category","embeddable":true,"href":"https:\/\/www.movint.es\/ca\/wp-json\/wp\/v2\/categories?post=4579"},{"taxonomy":"post_tag","embeddable":true,"href":"https:\/\/www.movint.es\/ca\/wp-json\/wp\/v2\/tags?post=4579"}],"curies":[{"name":"wp","href":"https:\/\/api.w.org\/{rel}","templated":true}]}}