{"id":4575,"date":"2011-07-22T08:52:38","date_gmt":"2011-07-22T07:52:38","guid":{"rendered":"http:\/\/www.movint.es\/gerente-de-inventarios\/"},"modified":"2020-02-16T23:47:51","modified_gmt":"2020-02-16T23:47:51","slug":"gerente-de-inventarios","status":"publish","type":"post","link":"https:\/\/www.movint.es\/ca\/gerente-de-inventarios\/","title":{"rendered":"Gerent d\u2019Inventaris"},"content":{"rendered":"<p>Desenvolupa i implementa plans per optimitzar costos d&#8217;inventari i metes de servei al client en plantes, centres de distribuci\u00f3 i\/o boques minoristes. Es responsabilitza pel pron\u00f2stic de necessitats, analitzant els patrons de moviments, desplegament de productes, informes de rendiment i resoluci\u00f3 de desviaments. Treballa amb les ger\u00e8ncies de compres i log\u00edstica per establir els lots \u00f2ptims de compra, les metes d&#8217;inventari i els objectius de rotaci\u00f3.<em><!--:--><\/em><\/p>\n","protected":false},"excerpt":{"rendered":"<p>Desenvolupa i implementa plans per optimitzar costos d&#8217;inventari i metes de servei al client en plantes, centres de distribuci\u00f3 i\/o boques minoristes. Es responsabilitza pel pron\u00f2stic de necessitats, analitzant els patrons de moviments, desplegament de productes, informes de rendiment i resoluci\u00f3 de desviaments. Treballa amb les ger\u00e8ncies de compres i log\u00edstica per establir els lots&hellip;<\/p>\n","protected":false},"author":1,"featured_media":0,"comment_status":"open","ping_status":"open","sticky":false,"template":"","format":"standard","meta":[],"categories":[113],"tags":[],"_links":{"self":[{"href":"https:\/\/www.movint.es\/ca\/wp-json\/wp\/v2\/posts\/4575"}],"collection":[{"href":"https:\/\/www.movint.es\/ca\/wp-json\/wp\/v2\/posts"}],"about":[{"href":"https:\/\/www.movint.es\/ca\/wp-json\/wp\/v2\/types\/post"}],"author":[{"embeddable":true,"href":"https:\/\/www.movint.es\/ca\/wp-json\/wp\/v2\/users\/1"}],"replies":[{"embeddable":true,"href":"https:\/\/www.movint.es\/ca\/wp-json\/wp\/v2\/comments?post=4575"}],"version-history":[{"count":1,"href":"https:\/\/www.movint.es\/ca\/wp-json\/wp\/v2\/posts\/4575\/revisions"}],"predecessor-version":[{"id":5219,"href":"https:\/\/www.movint.es\/ca\/wp-json\/wp\/v2\/posts\/4575\/revisions\/5219"}],"wp:attachment":[{"href":"https:\/\/www.movint.es\/ca\/wp-json\/wp\/v2\/media?parent=4575"}],"wp:term":[{"taxonomy":"category","embeddable":true,"href":"https:\/\/www.movint.es\/ca\/wp-json\/wp\/v2\/categories?post=4575"},{"taxonomy":"post_tag","embeddable":true,"href":"https:\/\/www.movint.es\/ca\/wp-json\/wp\/v2\/tags?post=4575"}],"curies":[{"name":"wp","href":"https:\/\/api.w.org\/{rel}","templated":true}]}}