{"id":4573,"date":"2011-07-22T08:53:17","date_gmt":"2011-07-22T07:53:17","guid":{"rendered":"http:\/\/www.movint.es\/gerente-de-la-cadena-logistica-integral\/"},"modified":"2020-02-16T23:46:44","modified_gmt":"2020-02-16T23:46:44","slug":"gerente-de-la-cadena-logistica-integral","status":"publish","type":"post","link":"https:\/\/www.movint.es\/ca\/gerente-de-la-cadena-logistica-integral\/","title":{"rendered":"Gerent de la Cadena Log\u00edstica Integral"},"content":{"rendered":"<p>Revisa els procediments i adverteix les oportunitats de millorar la flu\u00efdesa de la producci\u00f3, el prove\u00efment, l&#8217;emmagatzematge, la distribuci\u00f3 i el pressupost financer per obtenir les necessitats de distribuci\u00f3 del producte. Dirigeix les accions de control de costos, de reducci\u00f3 de desviaments, de servei al client i de seguretat. Pren decisions que afecten al moviment, dip\u00f2sit i processament de l&#8217;inventari.<!--:--><\/p>\n","protected":false},"excerpt":{"rendered":"<p>Revisa els procediments i adverteix les oportunitats de millorar la flu\u00efdesa de la producci\u00f3, el prove\u00efment, l&#8217;emmagatzematge, la distribuci\u00f3 i el pressupost financer per obtenir les necessitats de distribuci\u00f3 del producte. Dirigeix les accions de control de costos, de reducci\u00f3 de desviaments, de servei al client i de seguretat. Pren decisions que afecten al moviment,&hellip;<\/p>\n","protected":false},"author":1,"featured_media":0,"comment_status":"open","ping_status":"open","sticky":false,"template":"","format":"standard","meta":[],"categories":[113],"tags":[],"_links":{"self":[{"href":"https:\/\/www.movint.es\/ca\/wp-json\/wp\/v2\/posts\/4573"}],"collection":[{"href":"https:\/\/www.movint.es\/ca\/wp-json\/wp\/v2\/posts"}],"about":[{"href":"https:\/\/www.movint.es\/ca\/wp-json\/wp\/v2\/types\/post"}],"author":[{"embeddable":true,"href":"https:\/\/www.movint.es\/ca\/wp-json\/wp\/v2\/users\/1"}],"replies":[{"embeddable":true,"href":"https:\/\/www.movint.es\/ca\/wp-json\/wp\/v2\/comments?post=4573"}],"version-history":[{"count":1,"href":"https:\/\/www.movint.es\/ca\/wp-json\/wp\/v2\/posts\/4573\/revisions"}],"predecessor-version":[{"id":5216,"href":"https:\/\/www.movint.es\/ca\/wp-json\/wp\/v2\/posts\/4573\/revisions\/5216"}],"wp:attachment":[{"href":"https:\/\/www.movint.es\/ca\/wp-json\/wp\/v2\/media?parent=4573"}],"wp:term":[{"taxonomy":"category","embeddable":true,"href":"https:\/\/www.movint.es\/ca\/wp-json\/wp\/v2\/categories?post=4573"},{"taxonomy":"post_tag","embeddable":true,"href":"https:\/\/www.movint.es\/ca\/wp-json\/wp\/v2\/tags?post=4573"}],"curies":[{"name":"wp","href":"https:\/\/api.w.org\/{rel}","templated":true}]}}