{"id":4571,"date":"2011-07-22T08:53:44","date_gmt":"2011-07-22T07:53:44","guid":{"rendered":"http:\/\/www.movint.es\/gerente-de-logistica\/"},"modified":"2020-02-16T23:46:03","modified_gmt":"2020-02-16T23:46:03","slug":"gerente-de-logistica","status":"publish","type":"post","link":"https:\/\/www.movint.es\/ca\/gerente-de-logistica\/","title":{"rendered":"Gerent de Log\u00edstica"},"content":{"rendered":"<p>Abasta una varietat de funcions log\u00edstiques que inclou a operacions d&#8217;emmagatzematge i distribuci\u00f3, pron\u00f2stic, planejament, sistemes log\u00edstics, servei al client i compres. Gesti\u00f3 del personal de l&#8217;\u00e0rea. Dirigeix les operacions quotidianes. Coordina la tercerizaci\u00f3n d&#8217;operacions amb prove\u00efdors log\u00edstics i altres participants de la cadena de prove\u00efment.<!--:--><\/p>\n","protected":false},"excerpt":{"rendered":"<p>Abasta una varietat de funcions log\u00edstiques que inclou a operacions d&#8217;emmagatzematge i distribuci\u00f3, pron\u00f2stic, planejament, sistemes log\u00edstics, servei al client i compres. Gesti\u00f3 del personal de l&#8217;\u00e0rea. Dirigeix les operacions quotidianes. Coordina la tercerizaci\u00f3n d&#8217;operacions amb prove\u00efdors log\u00edstics i altres participants de la cadena de prove\u00efment.<\/p>\n","protected":false},"author":1,"featured_media":0,"comment_status":"open","ping_status":"open","sticky":false,"template":"","format":"standard","meta":[],"categories":[113],"tags":[],"_links":{"self":[{"href":"https:\/\/www.movint.es\/ca\/wp-json\/wp\/v2\/posts\/4571"}],"collection":[{"href":"https:\/\/www.movint.es\/ca\/wp-json\/wp\/v2\/posts"}],"about":[{"href":"https:\/\/www.movint.es\/ca\/wp-json\/wp\/v2\/types\/post"}],"author":[{"embeddable":true,"href":"https:\/\/www.movint.es\/ca\/wp-json\/wp\/v2\/users\/1"}],"replies":[{"embeddable":true,"href":"https:\/\/www.movint.es\/ca\/wp-json\/wp\/v2\/comments?post=4571"}],"version-history":[{"count":1,"href":"https:\/\/www.movint.es\/ca\/wp-json\/wp\/v2\/posts\/4571\/revisions"}],"predecessor-version":[{"id":5214,"href":"https:\/\/www.movint.es\/ca\/wp-json\/wp\/v2\/posts\/4571\/revisions\/5214"}],"wp:attachment":[{"href":"https:\/\/www.movint.es\/ca\/wp-json\/wp\/v2\/media?parent=4571"}],"wp:term":[{"taxonomy":"category","embeddable":true,"href":"https:\/\/www.movint.es\/ca\/wp-json\/wp\/v2\/categories?post=4571"},{"taxonomy":"post_tag","embeddable":true,"href":"https:\/\/www.movint.es\/ca\/wp-json\/wp\/v2\/tags?post=4571"}],"curies":[{"name":"wp","href":"https:\/\/api.w.org\/{rel}","templated":true}]}}