{"id":4569,"date":"2011-07-22T08:54:19","date_gmt":"2011-07-22T07:54:19","guid":{"rendered":"http:\/\/www.movint.es\/gerente-de-logistica-internacional\/"},"modified":"2020-02-16T23:45:39","modified_gmt":"2020-02-16T23:45:39","slug":"gerente-de-logistica-internacional","status":"publish","type":"post","link":"https:\/\/www.movint.es\/ca\/gerente-de-logistica-internacional\/","title":{"rendered":"Gerent de Log\u00edstica Internacional"},"content":{"rendered":"<p>Treballa molt vinculat amb producci\u00f3, m\u00e0rqueting i compres per crear cadenes de prove\u00efment d&#8217;importaci\u00f3 i exportaci\u00f3 eficients en temps i cost. Es responsabilitza pel maneig t\u00e8cnic de les particularitats del transport internacional: *multimodalidad, documentaci\u00f3 complexa, regulacions duaneres diversificades, desenvolupament d&#8217;estrat\u00e8gies de distribuci\u00f3 i de relacions amb els intermediaris log\u00edstics. Funciona com un solucionador de problemes, intervenint en els problemes inherents al moviment de c\u00e0rregues en llargues dist\u00e0ncies i al manteniment d&#8217;inventaris en m\u00faltiples pa\u00efsos.<!--:--><\/p>\n","protected":false},"excerpt":{"rendered":"<p>Treballa molt vinculat amb producci\u00f3, m\u00e0rqueting i compres per crear cadenes de prove\u00efment d&#8217;importaci\u00f3 i exportaci\u00f3 eficients en temps i cost. Es responsabilitza pel maneig t\u00e8cnic de les particularitats del transport internacional: *multimodalidad, documentaci\u00f3 complexa, regulacions duaneres diversificades, desenvolupament d&#8217;estrat\u00e8gies de distribuci\u00f3 i de relacions amb els intermediaris log\u00edstics. Funciona com un solucionador de problemes,&hellip;<\/p>\n","protected":false},"author":1,"featured_media":0,"comment_status":"open","ping_status":"open","sticky":false,"template":"","format":"standard","meta":[],"categories":[113],"tags":[],"_links":{"self":[{"href":"https:\/\/www.movint.es\/ca\/wp-json\/wp\/v2\/posts\/4569"}],"collection":[{"href":"https:\/\/www.movint.es\/ca\/wp-json\/wp\/v2\/posts"}],"about":[{"href":"https:\/\/www.movint.es\/ca\/wp-json\/wp\/v2\/types\/post"}],"author":[{"embeddable":true,"href":"https:\/\/www.movint.es\/ca\/wp-json\/wp\/v2\/users\/1"}],"replies":[{"embeddable":true,"href":"https:\/\/www.movint.es\/ca\/wp-json\/wp\/v2\/comments?post=4569"}],"version-history":[{"count":1,"href":"https:\/\/www.movint.es\/ca\/wp-json\/wp\/v2\/posts\/4569\/revisions"}],"predecessor-version":[{"id":5213,"href":"https:\/\/www.movint.es\/ca\/wp-json\/wp\/v2\/posts\/4569\/revisions\/5213"}],"wp:attachment":[{"href":"https:\/\/www.movint.es\/ca\/wp-json\/wp\/v2\/media?parent=4569"}],"wp:term":[{"taxonomy":"category","embeddable":true,"href":"https:\/\/www.movint.es\/ca\/wp-json\/wp\/v2\/categories?post=4569"},{"taxonomy":"post_tag","embeddable":true,"href":"https:\/\/www.movint.es\/ca\/wp-json\/wp\/v2\/tags?post=4569"}],"curies":[{"name":"wp","href":"https:\/\/api.w.org\/{rel}","templated":true}]}}