{"id":4459,"date":"2011-07-22T08:20:47","date_gmt":"2011-07-22T07:20:47","guid":{"rendered":"http:\/\/www.movint.es\/autoportante\/"},"modified":"2020-02-16T22:27:53","modified_gmt":"2020-02-16T22:27:53","slug":"autoportante","status":"publish","type":"post","link":"https:\/\/www.movint.es\/ca\/autoportante\/","title":{"rendered":"Autoportante"},"content":{"rendered":"<p>S\u00f3n magatzems en el qual les prestatgeries suporten, a m\u00e9s de les c\u00e0rregues emmagatzemades, les cintres i corretges de l&#8217;edifici sobre les quals es fixen els panells de tancament.<strong><strong><strong><strong><!--:--><\/strong><\/strong><\/strong><\/strong><\/p>\n","protected":false},"excerpt":{"rendered":"<p>S\u00f3n magatzems en el qual les prestatgeries suporten, a m\u00e9s de les c\u00e0rregues emmagatzemades, les cintres i corretges de l&#8217;edifici sobre les quals es fixen els panells de tancament.<\/p>\n","protected":false},"author":1,"featured_media":0,"comment_status":"open","ping_status":"open","sticky":false,"template":"","format":"standard","meta":[],"categories":[101],"tags":[],"_links":{"self":[{"href":"https:\/\/www.movint.es\/ca\/wp-json\/wp\/v2\/posts\/4459"}],"collection":[{"href":"https:\/\/www.movint.es\/ca\/wp-json\/wp\/v2\/posts"}],"about":[{"href":"https:\/\/www.movint.es\/ca\/wp-json\/wp\/v2\/types\/post"}],"author":[{"embeddable":true,"href":"https:\/\/www.movint.es\/ca\/wp-json\/wp\/v2\/users\/1"}],"replies":[{"embeddable":true,"href":"https:\/\/www.movint.es\/ca\/wp-json\/wp\/v2\/comments?post=4459"}],"version-history":[{"count":1,"href":"https:\/\/www.movint.es\/ca\/wp-json\/wp\/v2\/posts\/4459\/revisions"}],"predecessor-version":[{"id":5027,"href":"https:\/\/www.movint.es\/ca\/wp-json\/wp\/v2\/posts\/4459\/revisions\/5027"}],"wp:attachment":[{"href":"https:\/\/www.movint.es\/ca\/wp-json\/wp\/v2\/media?parent=4459"}],"wp:term":[{"taxonomy":"category","embeddable":true,"href":"https:\/\/www.movint.es\/ca\/wp-json\/wp\/v2\/categories?post=4459"},{"taxonomy":"post_tag","embeddable":true,"href":"https:\/\/www.movint.es\/ca\/wp-json\/wp\/v2\/tags?post=4459"}],"curies":[{"name":"wp","href":"https:\/\/api.w.org\/{rel}","templated":true}]}}