{"id":4455,"date":"2018-03-22T11:15:05","date_gmt":"2018-03-22T10:15:05","guid":{"rendered":"http:\/\/www.movint.es\/almacen-automatico-2\/"},"modified":"2020-07-14T14:44:45","modified_gmt":"2020-07-14T14:44:45","slug":"almacen-automatico-2","status":"publish","type":"post","link":"https:\/\/www.movint.es\/ca\/almacen-automatico-2\/","title":{"rendered":"Almac\u00e9n autom\u00e1tico"},"content":{"rendered":"<p>Sistema de almacenamiento de alta densidad en el que los elementos de manutenci\u00f3n act\u00faan completamente automatizados, tanto en los movimientos de manipulaci\u00f3n de entrada como de salida de las estanter\u00edas.<\/p>\n","protected":false},"excerpt":{"rendered":"<p>Sistema de almacenamiento de alta densidad en el que los elementos de manutenci\u00f3n act\u00faan completamente automatizados, tanto en los movimientos de manipulaci\u00f3n de entrada como de salida de las estanter\u00edas.<\/p>\n","protected":false},"author":1,"featured_media":0,"comment_status":"open","ping_status":"open","sticky":false,"template":"","format":"standard","meta":[],"categories":[101],"tags":[],"_links":{"self":[{"href":"https:\/\/www.movint.es\/ca\/wp-json\/wp\/v2\/posts\/4455"}],"collection":[{"href":"https:\/\/www.movint.es\/ca\/wp-json\/wp\/v2\/posts"}],"about":[{"href":"https:\/\/www.movint.es\/ca\/wp-json\/wp\/v2\/types\/post"}],"author":[{"embeddable":true,"href":"https:\/\/www.movint.es\/ca\/wp-json\/wp\/v2\/users\/1"}],"replies":[{"embeddable":true,"href":"https:\/\/www.movint.es\/ca\/wp-json\/wp\/v2\/comments?post=4455"}],"version-history":[{"count":3,"href":"https:\/\/www.movint.es\/ca\/wp-json\/wp\/v2\/posts\/4455\/revisions"}],"predecessor-version":[{"id":6989,"href":"https:\/\/www.movint.es\/ca\/wp-json\/wp\/v2\/posts\/4455\/revisions\/6989"}],"wp:attachment":[{"href":"https:\/\/www.movint.es\/ca\/wp-json\/wp\/v2\/media?parent=4455"}],"wp:term":[{"taxonomy":"category","embeddable":true,"href":"https:\/\/www.movint.es\/ca\/wp-json\/wp\/v2\/categories?post=4455"},{"taxonomy":"post_tag","embeddable":true,"href":"https:\/\/www.movint.es\/ca\/wp-json\/wp\/v2\/tags?post=4455"}],"curies":[{"name":"wp","href":"https:\/\/api.w.org\/{rel}","templated":true}]}}