{"id":4440,"date":"2011-07-19T15:52:37","date_gmt":"2011-07-19T14:52:37","guid":{"rendered":"http:\/\/www.movint.es\/tarima-de-carga\/"},"modified":"2020-02-16T22:06:17","modified_gmt":"2020-02-16T22:06:17","slug":"tarima-de-carga","status":"publish","type":"post","link":"https:\/\/www.movint.es\/ca\/tarima-de-carga\/","title":{"rendered":"Tarima de c\u00e0rrega"},"content":{"rendered":"<p>Equival a unitat de c\u00e0rrega i serveix per confeccionar tals unitats, igual que es fa amb palets. La folgan\u00e7a al s\u00f2l \u00e9s en la tarima major que en el palet. Amb les tarimes es transporten generalment c\u00e0rregues pesades. Per manipular les tarimes el m\u00e9s adequat \u00e9s utilitzar carretons el\u00e8ctrics transportadoras de plataforma.<!--:--><\/p>\n","protected":false},"excerpt":{"rendered":"<p>Equival a unitat de c\u00e0rrega i serveix per confeccionar tals unitats, igual que es fa amb palets. La folgan\u00e7a al s\u00f2l \u00e9s en la tarima major que en el palet. Amb les tarimes es transporten generalment c\u00e0rregues pesades. Per manipular les tarimes el m\u00e9s adequat \u00e9s utilitzar carretons el\u00e8ctrics transportadoras de plataforma.<\/p>\n","protected":false},"author":1,"featured_media":0,"comment_status":"open","ping_status":"open","sticky":false,"template":"","format":"standard","meta":[],"categories":[93],"tags":[],"_links":{"self":[{"href":"https:\/\/www.movint.es\/ca\/wp-json\/wp\/v2\/posts\/4440"}],"collection":[{"href":"https:\/\/www.movint.es\/ca\/wp-json\/wp\/v2\/posts"}],"about":[{"href":"https:\/\/www.movint.es\/ca\/wp-json\/wp\/v2\/types\/post"}],"author":[{"embeddable":true,"href":"https:\/\/www.movint.es\/ca\/wp-json\/wp\/v2\/users\/1"}],"replies":[{"embeddable":true,"href":"https:\/\/www.movint.es\/ca\/wp-json\/wp\/v2\/comments?post=4440"}],"version-history":[{"count":1,"href":"https:\/\/www.movint.es\/ca\/wp-json\/wp\/v2\/posts\/4440\/revisions"}],"predecessor-version":[{"id":4982,"href":"https:\/\/www.movint.es\/ca\/wp-json\/wp\/v2\/posts\/4440\/revisions\/4982"}],"wp:attachment":[{"href":"https:\/\/www.movint.es\/ca\/wp-json\/wp\/v2\/media?parent=4440"}],"wp:term":[{"taxonomy":"category","embeddable":true,"href":"https:\/\/www.movint.es\/ca\/wp-json\/wp\/v2\/categories?post=4440"},{"taxonomy":"post_tag","embeddable":true,"href":"https:\/\/www.movint.es\/ca\/wp-json\/wp\/v2\/tags?post=4440"}],"curies":[{"name":"wp","href":"https:\/\/api.w.org\/{rel}","templated":true}]}}