{"id":4391,"date":"2011-07-19T16:17:01","date_gmt":"2011-07-19T15:17:01","guid":{"rendered":"http:\/\/www.movint.es\/puertas-oscilantes\/"},"modified":"2020-02-16T21:39:50","modified_gmt":"2020-02-16T21:39:50","slug":"puertas-oscilantes","status":"publish","type":"post","link":"https:\/\/www.movint.es\/ca\/puertas-oscilantes\/","title":{"rendered":"Portes oscilantes"},"content":{"rendered":"<p>O de p\u00e8ndol. S\u00f3n portes flexibles de dues fulles, generalment en material pl\u00e0stic, que s&#8217;obren per si soles en ser empeses per un vehicle-carret\u00f3- en marxa i que poden o no tancar-se per si soles autom\u00e0ticament. La for\u00e7a de tancament \u00e9s regulable.<!--:--><\/p>\n","protected":false},"excerpt":{"rendered":"<p>O de p\u00e8ndol. S\u00f3n portes flexibles de dues fulles, generalment en material pl\u00e0stic, que s&#8217;obren per si soles en ser empeses per un vehicle-carret\u00f3- en marxa i que poden o no tancar-se per si soles autom\u00e0ticament. La for\u00e7a de tancament \u00e9s regulable.<\/p>\n","protected":false},"author":1,"featured_media":0,"comment_status":"open","ping_status":"open","sticky":false,"template":"","format":"standard","meta":[],"categories":[87],"tags":[],"_links":{"self":[{"href":"https:\/\/www.movint.es\/ca\/wp-json\/wp\/v2\/posts\/4391"}],"collection":[{"href":"https:\/\/www.movint.es\/ca\/wp-json\/wp\/v2\/posts"}],"about":[{"href":"https:\/\/www.movint.es\/ca\/wp-json\/wp\/v2\/types\/post"}],"author":[{"embeddable":true,"href":"https:\/\/www.movint.es\/ca\/wp-json\/wp\/v2\/users\/1"}],"replies":[{"embeddable":true,"href":"https:\/\/www.movint.es\/ca\/wp-json\/wp\/v2\/comments?post=4391"}],"version-history":[{"count":1,"href":"https:\/\/www.movint.es\/ca\/wp-json\/wp\/v2\/posts\/4391\/revisions"}],"predecessor-version":[{"id":4908,"href":"https:\/\/www.movint.es\/ca\/wp-json\/wp\/v2\/posts\/4391\/revisions\/4908"}],"wp:attachment":[{"href":"https:\/\/www.movint.es\/ca\/wp-json\/wp\/v2\/media?parent=4391"}],"wp:term":[{"taxonomy":"category","embeddable":true,"href":"https:\/\/www.movint.es\/ca\/wp-json\/wp\/v2\/categories?post=4391"},{"taxonomy":"post_tag","embeddable":true,"href":"https:\/\/www.movint.es\/ca\/wp-json\/wp\/v2\/tags?post=4391"}],"curies":[{"name":"wp","href":"https:\/\/api.w.org\/{rel}","templated":true}]}}