{"id":4379,"date":"2011-07-19T16:41:21","date_gmt":"2011-07-19T15:41:21","guid":{"rendered":"http:\/\/www.movint.es\/mastil-telescopico-triple\/"},"modified":"2020-02-16T21:28:48","modified_gmt":"2020-02-16T21:28:48","slug":"mastil-telescopico-triple","status":"publish","type":"post","link":"https:\/\/www.movint.es\/ca\/mastil-telescopico-triple\/","title":{"rendered":"Masteler telesc\u00f2pic triple"},"content":{"rendered":"<p>Aquest tipus de masteler es compon de tres mastelers superposats: interior, mitj\u00e0 i exterior els quals es van desplegant sobre si mateixos progressivament. Si la forqueta depassa la posici\u00f3 corresponent al llevant lliure, el masteler interior roman llavors fix en la seva posici\u00f3 m\u00e9s elevada. Com ja ho hem reiterat, per estibar mercaderies en locals de sostre baix \u00e9s necessari emprar carretons elevadors equipats amb mastelers telesc\u00f2pics de doble efecte o amb mastelers triples de doble efecte.<!--:--><\/p>\n","protected":false},"excerpt":{"rendered":"<p>Aquest tipus de masteler es compon de tres mastelers superposats: interior, mitj\u00e0 i exterior els quals es van desplegant sobre si mateixos progressivament. Si la forqueta depassa la posici\u00f3 corresponent al llevant lliure, el masteler interior roman llavors fix en la seva posici\u00f3 m\u00e9s elevada. Com ja ho hem reiterat, per estibar mercaderies en locals&hellip;<\/p>\n","protected":false},"author":1,"featured_media":0,"comment_status":"open","ping_status":"open","sticky":false,"template":"","format":"standard","meta":[],"categories":[85],"tags":[],"_links":{"self":[{"href":"https:\/\/www.movint.es\/ca\/wp-json\/wp\/v2\/posts\/4379"}],"collection":[{"href":"https:\/\/www.movint.es\/ca\/wp-json\/wp\/v2\/posts"}],"about":[{"href":"https:\/\/www.movint.es\/ca\/wp-json\/wp\/v2\/types\/post"}],"author":[{"embeddable":true,"href":"https:\/\/www.movint.es\/ca\/wp-json\/wp\/v2\/users\/1"}],"replies":[{"embeddable":true,"href":"https:\/\/www.movint.es\/ca\/wp-json\/wp\/v2\/comments?post=4379"}],"version-history":[{"count":1,"href":"https:\/\/www.movint.es\/ca\/wp-json\/wp\/v2\/posts\/4379\/revisions"}],"predecessor-version":[{"id":4879,"href":"https:\/\/www.movint.es\/ca\/wp-json\/wp\/v2\/posts\/4379\/revisions\/4879"}],"wp:attachment":[{"href":"https:\/\/www.movint.es\/ca\/wp-json\/wp\/v2\/media?parent=4379"}],"wp:term":[{"taxonomy":"category","embeddable":true,"href":"https:\/\/www.movint.es\/ca\/wp-json\/wp\/v2\/categories?post=4379"},{"taxonomy":"post_tag","embeddable":true,"href":"https:\/\/www.movint.es\/ca\/wp-json\/wp\/v2\/tags?post=4379"}],"curies":[{"name":"wp","href":"https:\/\/api.w.org\/{rel}","templated":true}]}}