{"id":4335,"date":"2011-07-19T17:16:16","date_gmt":"2011-07-19T16:16:16","guid":{"rendered":"http:\/\/www.movint.es\/estanterias-para-camaras-frigorificas\/"},"modified":"2020-02-16T21:00:00","modified_gmt":"2020-02-16T21:00:00","slug":"estanterias-para-camaras-frigorificas","status":"publish","type":"post","link":"https:\/\/www.movint.es\/ca\/estanterias-para-camaras-frigorificas\/","title":{"rendered":"Prestatgeries per a cambres frigor\u00edfiques"},"content":{"rendered":"<p>Constru\u00efdes amb acer d&#8217;una qualitat especial tal que a una temperatura de \u201336 graus no es torna trencad\u00eds. A m\u00e9s, els elements constituents d&#8217;aquest tipus de prestatgeries reben un tractament especial a for\u00e7a d&#8217;una imprimaci\u00f3n i despr\u00e9s una pintura laca resistent a les m\u00e9s baixes temperatures. Per a aquelles ind\u00fastries on es treballi amb sals corrosives i lleixius, se subministren les prestatgeries protegides contra l&#8217;oxidaci\u00f3 mitjan\u00e7ant galvanitzaci\u00f3 profunda a foc.<!--:--><\/p>\n","protected":false},"excerpt":{"rendered":"<p>Constru\u00efdes amb acer d&#8217;una qualitat especial tal que a una temperatura de \u201336 graus no es torna trencad\u00eds. A m\u00e9s, els elements constituents d&#8217;aquest tipus de prestatgeries reben un tractament especial a for\u00e7a d&#8217;una imprimaci\u00f3n i despr\u00e9s una pintura laca resistent a les m\u00e9s baixes temperatures. Per a aquelles ind\u00fastries on es treballi amb sals&hellip;<\/p>\n","protected":false},"author":1,"featured_media":0,"comment_status":"open","ping_status":"open","sticky":false,"template":"","format":"standard","meta":[],"categories":[79],"tags":[],"_links":{"self":[{"href":"https:\/\/www.movint.es\/ca\/wp-json\/wp\/v2\/posts\/4335"}],"collection":[{"href":"https:\/\/www.movint.es\/ca\/wp-json\/wp\/v2\/posts"}],"about":[{"href":"https:\/\/www.movint.es\/ca\/wp-json\/wp\/v2\/types\/post"}],"author":[{"embeddable":true,"href":"https:\/\/www.movint.es\/ca\/wp-json\/wp\/v2\/users\/1"}],"replies":[{"embeddable":true,"href":"https:\/\/www.movint.es\/ca\/wp-json\/wp\/v2\/comments?post=4335"}],"version-history":[{"count":1,"href":"https:\/\/www.movint.es\/ca\/wp-json\/wp\/v2\/posts\/4335\/revisions"}],"predecessor-version":[{"id":4808,"href":"https:\/\/www.movint.es\/ca\/wp-json\/wp\/v2\/posts\/4335\/revisions\/4808"}],"wp:attachment":[{"href":"https:\/\/www.movint.es\/ca\/wp-json\/wp\/v2\/media?parent=4335"}],"wp:term":[{"taxonomy":"category","embeddable":true,"href":"https:\/\/www.movint.es\/ca\/wp-json\/wp\/v2\/categories?post=4335"},{"taxonomy":"post_tag","embeddable":true,"href":"https:\/\/www.movint.es\/ca\/wp-json\/wp\/v2\/tags?post=4335"}],"curies":[{"name":"wp","href":"https:\/\/api.w.org\/{rel}","templated":true}]}}