{"id":4327,"date":"2011-07-19T17:18:18","date_gmt":"2011-07-19T16:18:18","guid":{"rendered":"http:\/\/www.movint.es\/estanterias-sistema-drive-in\/"},"modified":"2020-02-16T20:57:50","modified_gmt":"2020-02-16T20:57:50","slug":"estanterias-sistema-drive-in","status":"publish","type":"post","link":"https:\/\/www.movint.es\/ca\/estanterias-sistema-drive-in\/","title":{"rendered":"Prestatgeries sistema \u201cDrive-in\u201d"},"content":{"rendered":"<p>Faciliten l&#8217;apilat en bloc sobre prestatgeria. La part estreta d&#8217;aquestes prestatgeries \u00e9s oberta de manera que el carret\u00f3 penetra en ella com en un t\u00fanel. El Primer palet queda sobre el s\u00f2l i les altres posicions descansen sobre els travessers de la prestatgeria; aix\u00f2 protegeix l&#8217;embalatge contra eventuals danys produ\u00efts per amontonamientos. En el sistema \u201cDrive-in\u201d l&#8217;apilat es fa des d&#8217;enrere cap a davant. A dreta i esquerra van altres prestatgeries del mateix sistema, la qual cosa permet l&#8217;emmagatzemat en bloc, sense p\u00e8rdua d&#8217;espai en passadissos.<!--:--><\/p>\n","protected":false},"excerpt":{"rendered":"<p>Faciliten l&#8217;apilat en bloc sobre prestatgeria. La part estreta d&#8217;aquestes prestatgeries \u00e9s oberta de manera que el carret\u00f3 penetra en ella com en un t\u00fanel. El Primer palet queda sobre el s\u00f2l i les altres posicions descansen sobre els travessers de la prestatgeria; aix\u00f2 protegeix l&#8217;embalatge contra eventuals danys produ\u00efts per amontonamientos. En el sistema&hellip;<\/p>\n","protected":false},"author":1,"featured_media":0,"comment_status":"open","ping_status":"open","sticky":false,"template":"","format":"standard","meta":[],"categories":[79],"tags":[],"_links":{"self":[{"href":"https:\/\/www.movint.es\/ca\/wp-json\/wp\/v2\/posts\/4327"}],"collection":[{"href":"https:\/\/www.movint.es\/ca\/wp-json\/wp\/v2\/posts"}],"about":[{"href":"https:\/\/www.movint.es\/ca\/wp-json\/wp\/v2\/types\/post"}],"author":[{"embeddable":true,"href":"https:\/\/www.movint.es\/ca\/wp-json\/wp\/v2\/users\/1"}],"replies":[{"embeddable":true,"href":"https:\/\/www.movint.es\/ca\/wp-json\/wp\/v2\/comments?post=4327"}],"version-history":[{"count":1,"href":"https:\/\/www.movint.es\/ca\/wp-json\/wp\/v2\/posts\/4327\/revisions"}],"predecessor-version":[{"id":4803,"href":"https:\/\/www.movint.es\/ca\/wp-json\/wp\/v2\/posts\/4327\/revisions\/4803"}],"wp:attachment":[{"href":"https:\/\/www.movint.es\/ca\/wp-json\/wp\/v2\/media?parent=4327"}],"wp:term":[{"taxonomy":"category","embeddable":true,"href":"https:\/\/www.movint.es\/ca\/wp-json\/wp\/v2\/categories?post=4327"},{"taxonomy":"post_tag","embeddable":true,"href":"https:\/\/www.movint.es\/ca\/wp-json\/wp\/v2\/tags?post=4327"}],"curies":[{"name":"wp","href":"https:\/\/api.w.org\/{rel}","templated":true}]}}