{"id":4301,"date":"2011-07-19T17:26:27","date_gmt":"2011-07-19T16:26:27","guid":{"rendered":"http:\/\/www.movint.es\/capacidad-de-la-bateria\/"},"modified":"2020-02-16T20:37:35","modified_gmt":"2020-02-16T20:37:35","slug":"capacidad-de-la-bateria","status":"publish","type":"post","link":"https:\/\/www.movint.es\/ca\/capacidad-de-la-bateria\/","title":{"rendered":"Capacitat de la bateria"},"content":{"rendered":"<p>\u00c9s la facultat d&#8217;emmagatzemar energia el\u00e8ctrica que posseeix la bateria i es mesura en amperes hora (Ah). Una bateria capa\u00e7 de prendre 40 amperes durant deu hores, es denominar\u00e0 de 400 Ah. de capacitat. La c\u00e0rrega de les bateries es fa amb rectificadors de c\u00e0rrega. En general, les bateries en servei es carreguen durant la nit, sense necessitat de treure-les dels carretons. Durant el seu \u00fas, no ha de prendre&#8217;s de la bateria m\u00e9s del 80% de la seva capacitat. Una desc\u00e0rrega excessiva afebleix la bateria al mateix temps que escur\u00e7a la seva vida.<!--:--><\/p>\n","protected":false},"excerpt":{"rendered":"<p>\u00c9s la facultat d&#8217;emmagatzemar energia el\u00e8ctrica que posseeix la bateria i es mesura en amperes hora (Ah). Una bateria capa\u00e7 de prendre 40 amperes durant deu hores, es denominar\u00e0 de 400 Ah. de capacitat. La c\u00e0rrega de les bateries es fa amb rectificadors de c\u00e0rrega. En general, les bateries en servei es carreguen durant la&hellip;<\/p>\n","protected":false},"author":1,"featured_media":0,"comment_status":"open","ping_status":"open","sticky":false,"template":"","format":"standard","meta":[],"categories":[75],"tags":[],"_links":{"self":[{"href":"https:\/\/www.movint.es\/ca\/wp-json\/wp\/v2\/posts\/4301"}],"collection":[{"href":"https:\/\/www.movint.es\/ca\/wp-json\/wp\/v2\/posts"}],"about":[{"href":"https:\/\/www.movint.es\/ca\/wp-json\/wp\/v2\/types\/post"}],"author":[{"embeddable":true,"href":"https:\/\/www.movint.es\/ca\/wp-json\/wp\/v2\/users\/1"}],"replies":[{"embeddable":true,"href":"https:\/\/www.movint.es\/ca\/wp-json\/wp\/v2\/comments?post=4301"}],"version-history":[{"count":1,"href":"https:\/\/www.movint.es\/ca\/wp-json\/wp\/v2\/posts\/4301\/revisions"}],"predecessor-version":[{"id":4759,"href":"https:\/\/www.movint.es\/ca\/wp-json\/wp\/v2\/posts\/4301\/revisions\/4759"}],"wp:attachment":[{"href":"https:\/\/www.movint.es\/ca\/wp-json\/wp\/v2\/media?parent=4301"}],"wp:term":[{"taxonomy":"category","embeddable":true,"href":"https:\/\/www.movint.es\/ca\/wp-json\/wp\/v2\/categories?post=4301"},{"taxonomy":"post_tag","embeddable":true,"href":"https:\/\/www.movint.es\/ca\/wp-json\/wp\/v2\/tags?post=4301"}],"curies":[{"name":"wp","href":"https:\/\/api.w.org\/{rel}","templated":true}]}}