{"id":4287,"date":"2011-07-19T17:31:22","date_gmt":"2011-07-19T16:31:22","guid":{"rendered":"http:\/\/www.movint.es\/carretilla-retractil\/"},"modified":"2020-02-16T20:23:20","modified_gmt":"2020-02-16T20:23:20","slug":"carretilla-retractil","status":"publish","type":"post","link":"https:\/\/www.movint.es\/ca\/carretilla-retractil\/","title":{"rendered":"Carret\u00f3 retr\u00e0ctil"},"content":{"rendered":"<p><!--:--><!--:ca-->\u00c9s el mitj\u00e0 de movimentaci\u00f3n que s&#8217;utilitza normalment a l&#8217;interior dels magatzems. Disposa d&#8217;elevaci\u00f3.<\/p>\n<p>Poden disposar d&#8217;algun dels seg\u00fcents elements:<\/p>\n<ul>\n<li>Preselector d&#8217;altures: Evita al conductor del carret\u00f3 la necessitat d&#8217;ajustar l&#8217;altura de la forqueta al nivell desitjat. Amb aquest aparell i mitjan\u00e7ant un polsador, es preselecciona el nivell que es desitja. Dispositiu auxiliar molt \u00fatil a grans altures \u00fatils d&#8217;elevaci\u00f3.<\/li>\n<li>Desplazador lateral: Com a accessori de carret\u00f3 apiladora, manat hidr\u00e0ulicament, corregeix la posici\u00f3 de la forqueta sense necessitat de moure la m\u00e0quina. El desplazador lateral de forqueta permet un despla\u00e7ament d&#8217;aquesta de fins a 100mm. de cada costat. Per mantenir dins dels l\u00edmits m\u00e9s redu\u00efts la p\u00e8rdua en capacitat de c\u00e0rrega del carret\u00f3, p\u00e8rdua motivada per l&#8217;allargament de la dist\u00e0ncia al centre de gravetat de la c\u00e0rrega, aquest dispositiu se subministra formant part integral de la construcci\u00f3 mateixa del carret\u00f3 i substitueix la portahorquilla.<!--:--><\/li>\n<\/ul>\n","protected":false},"excerpt":{"rendered":"<p>\u00c9s el mitj\u00e0 de movimentaci\u00f3n que s&#8217;utilitza normalment a l&#8217;interior dels magatzems. Disposa d&#8217;elevaci\u00f3. Poden disposar d&#8217;algun dels seg\u00fcents elements: Preselector d&#8217;altures: Evita al conductor del carret\u00f3 la necessitat d&#8217;ajustar l&#8217;altura de la forqueta al nivell desitjat. Amb aquest aparell i mitjan\u00e7ant un polsador, es preselecciona el nivell que es desitja. Dispositiu auxiliar molt \u00fatil&hellip;<\/p>\n","protected":false},"author":1,"featured_media":0,"comment_status":"open","ping_status":"open","sticky":false,"template":"","format":"standard","meta":[],"categories":[75],"tags":[],"_links":{"self":[{"href":"https:\/\/www.movint.es\/ca\/wp-json\/wp\/v2\/posts\/4287"}],"collection":[{"href":"https:\/\/www.movint.es\/ca\/wp-json\/wp\/v2\/posts"}],"about":[{"href":"https:\/\/www.movint.es\/ca\/wp-json\/wp\/v2\/types\/post"}],"author":[{"embeddable":true,"href":"https:\/\/www.movint.es\/ca\/wp-json\/wp\/v2\/users\/1"}],"replies":[{"embeddable":true,"href":"https:\/\/www.movint.es\/ca\/wp-json\/wp\/v2\/comments?post=4287"}],"version-history":[{"count":1,"href":"https:\/\/www.movint.es\/ca\/wp-json\/wp\/v2\/posts\/4287\/revisions"}],"predecessor-version":[{"id":4726,"href":"https:\/\/www.movint.es\/ca\/wp-json\/wp\/v2\/posts\/4287\/revisions\/4726"}],"wp:attachment":[{"href":"https:\/\/www.movint.es\/ca\/wp-json\/wp\/v2\/media?parent=4287"}],"wp:term":[{"taxonomy":"category","embeddable":true,"href":"https:\/\/www.movint.es\/ca\/wp-json\/wp\/v2\/categories?post=4287"},{"taxonomy":"post_tag","embeddable":true,"href":"https:\/\/www.movint.es\/ca\/wp-json\/wp\/v2\/tags?post=4287"}],"curies":[{"name":"wp","href":"https:\/\/api.w.org\/{rel}","templated":true}]}}