{"id":4203,"date":"2018-03-21T15:17:48","date_gmt":"2018-03-21T14:17:48","guid":{"rendered":"http:\/\/www.movint.es\/miercoles-logisticos-la-importancia-del-lay-out\/"},"modified":"2020-02-12T04:10:57","modified_gmt":"2020-02-12T04:10:57","slug":"miercoles-logisticos-la-importancia-del-lay-out","status":"publish","type":"post","link":"https:\/\/www.movint.es\/ca\/miercoles-logisticos-la-importancia-del-lay-out\/","title":{"rendered":"Mi\u00e9rcoles log\u00edsticos &#8211; La importancia del lay-out"},"content":{"rendered":"<p>Esta semana en los mi\u00e9rcoles log\u00edsticos hablaremos de la importancia del lay-out del almac\u00e9n, de sus objetivos y su repercusi\u00f3n en la cadena de suministro.<\/p>\n<p>Esperamos que lo disfrut\u00e9is.<a href=\"http:\/\/www.movint.es\/wp-content\/uploads\/layout1.jpg\"><img loading=\"lazy\" class=\"aligncenter size-large wp-image-3377\" src=\"http:\/\/www.movint.es\/wp-content\/uploads\/layout1-1024x723.jpg\" alt=\"layout\" width=\"1024\" height=\"723\" \/><\/a><\/p>\n<p style=\"text-align: justify;\">El concepto Lay-out, parte de una palabra de origen anglosaj\u00f3n que se traduce como <i>disposici\u00f3n <\/i>o <i>plan,<\/i> habitualmente se usa en el \u00e1mbito tecnol\u00f3gico, pero como siempre, nosotros lo relacionaremos con el almac\u00e9n.<\/p>\n<p style=\"text-align: justify;\">Ampliandolo, podemos decir que el lay-out es la representaci\u00f3n gr\u00e1fica de la distribuci\u00f3n del espacio en unas instalaciones de almacenaje, donde tendr\u00e1n que aparecer todos los elementos f\u00edsicos, como las distintas \u00e1reas operativas, que, a trav\u00e9s de su correcta distribuci\u00f3n tratar\u00e1n de optimizar las instalaciones.<\/p>\n<p style=\"text-align: justify;\"><b>\u00bfQu\u00e9 objetivos tiene dise\u00f1ar un lay-out?<\/b><\/p>\n<ul style=\"text-align: justify;\">\n<li>La optimizaci\u00f3n de los flujos de materiales<\/li>\n<li>Asegurar la eficiencia del manejo de la mercanc\u00eda<\/li>\n<li>La reducci\u00f3n de manipulaci\u00f3n de la mercanc\u00eda<\/li>\n<li>Asegurar la m\u00e1xima rotaci\u00f3n de productos<\/li>\n<li>La Jerarquizaci\u00f3n de las \u00e1reas funcionales<\/li>\n<li>Buscar sinergias entre las distintas \u00e1reas operativas<\/li>\n<li>Facilitar el control de la mercanc\u00eda<\/li>\n<\/ul>\n<p style=\"text-align: justify;\">Por lo tanto, el lay-out debe ser dise\u00f1ado acorde a las necesidades espec\u00edficas de cada empresa, ya que seg\u00fan el tipo de mercanc\u00eda o el tipo de almac\u00e9n, requerir\u00e1 de ciertas particularidades que hay que tener en cuenta a la hora de hacer el dise\u00f1o. Por otro lado, hay que recalcar que un buen dise\u00f1o evitar\u00e1 cuellos de botella o puntos de congesti\u00f3n que har\u00e1n que el almac\u00e9n no sea todo lo productivo que podr\u00eda llegar a ser.<\/p>\n<p style=\"text-align: justify;\"><a href=\"http:\/\/www.movint.es\/wp-content\/uploads\/ejemplo-lay-out.jpg\"><img loading=\"lazy\" class=\"alignnone size-full wp-image-3481\" src=\"http:\/\/www.movint.es\/wp-content\/uploads\/ejemplo-lay-out.jpg\" alt=\"ejemplo lay out\" width=\"372\" height=\"277\" \/><\/a><\/p>\n<p style=\"text-align: justify;\"><b>\u00bfQu\u00e9 \u00e1reas operativas tienen que quedar definidas en el lay-out?<\/b><\/p>\n<p style=\"text-align: justify;\">Como bien sabemos, todo almac\u00e9n dispone de ciertas tareas que se desarrollan en unas \u00e1reas espec\u00edficas:<\/p>\n<p style=\"text-align: justify;\">-Zona de carga y descarga<\/p>\n<p style=\"text-align: justify;\">-Zona de recepci\u00f3n<\/p>\n<p style=\"text-align: justify;\">-Zona de almacenaje<\/p>\n<p style=\"text-align: justify;\">-Zona de preparaci\u00f3n de pedidos<\/p>\n<p style=\"text-align: justify;\">-Zona de expedici\u00f3n<\/p>\n<p style=\"text-align: justify;\"><b>\u00bfQu\u00e9 debe incluir?<\/b><\/p>\n<ul style=\"text-align: justify;\">\n<li>Instalaciones de almacenaje<\/li>\n<li>Instalaciones de manutenci\u00f3n<\/li>\n<li>Columnado<\/li>\n<li>Instalaciones el\u00e9ctricas<\/li>\n<li>Ventilaci\u00f3n<\/li>\n<li>Instalaciones contraincendios<\/li>\n<li>Elementos de seguridad<\/li>\n<\/ul>\n<p style=\"text-align: justify;\">Por lo tanto en un lay-out deber\u00e1n aparecer todas y cada una de las diferentes partidas de equipamientos. Hay que entender que el lay-out ser\u00e1 la informaci\u00f3n que usar\u00e1n los diferentes proveedores para poder hacer ofertas de los equipos en plasmados en el lay-out.<\/p>\n<p style=\"text-align: justify;\">Para concluir, c\u00f3mo ya hemos comentado en varios art\u00edculos la importancia del almac\u00e9n dentro de la cadena de suministro y su influencia en la cuenta de explotaci\u00f3n, es por eso de la importancia del dise\u00f1o del lay-out del almac\u00e9n.<\/p>\n<p style=\"text-align: justify;\">Un almac\u00e9n con un buen dise\u00f1o, permitir\u00e1 optimizar todos los procesos que repercutir\u00e1n tanto al cliente como al d\u00eda a d\u00eda de las instalaciones.<\/p>\n","protected":false},"excerpt":{"rendered":"<p>Esta semana en los mi\u00e9rcoles log\u00edsticos hablaremos de la importancia del lay-out del almac\u00e9n, de sus objetivos y su repercusi\u00f3n en la cadena de suministro. Esperamos que lo disfrut\u00e9is. El concepto Lay-out, parte de una palabra de origen anglosaj\u00f3n que se traduce como disposici\u00f3n o plan, habitualmente se usa en el \u00e1mbito tecnol\u00f3gico, pero como&hellip;<\/p>\n","protected":false},"author":1,"featured_media":0,"comment_status":"open","ping_status":"open","sticky":false,"template":"","format":"standard","meta":[],"categories":[52,53],"tags":[],"_links":{"self":[{"href":"https:\/\/www.movint.es\/ca\/wp-json\/wp\/v2\/posts\/4203"}],"collection":[{"href":"https:\/\/www.movint.es\/ca\/wp-json\/wp\/v2\/posts"}],"about":[{"href":"https:\/\/www.movint.es\/ca\/wp-json\/wp\/v2\/types\/post"}],"author":[{"embeddable":true,"href":"https:\/\/www.movint.es\/ca\/wp-json\/wp\/v2\/users\/1"}],"replies":[{"embeddable":true,"href":"https:\/\/www.movint.es\/ca\/wp-json\/wp\/v2\/comments?post=4203"}],"version-history":[{"count":1,"href":"https:\/\/www.movint.es\/ca\/wp-json\/wp\/v2\/posts\/4203\/revisions"}],"predecessor-version":[{"id":4205,"href":"https:\/\/www.movint.es\/ca\/wp-json\/wp\/v2\/posts\/4203\/revisions\/4205"}],"wp:attachment":[{"href":"https:\/\/www.movint.es\/ca\/wp-json\/wp\/v2\/media?parent=4203"}],"wp:term":[{"taxonomy":"category","embeddable":true,"href":"https:\/\/www.movint.es\/ca\/wp-json\/wp\/v2\/categories?post=4203"},{"taxonomy":"post_tag","embeddable":true,"href":"https:\/\/www.movint.es\/ca\/wp-json\/wp\/v2\/tags?post=4203"}],"curies":[{"name":"wp","href":"https:\/\/api.w.org\/{rel}","templated":true}]}}