{"id":12667,"date":"2025-06-10T12:35:52","date_gmt":"2025-06-10T10:35:52","guid":{"rendered":"https:\/\/www.movint.es\/?p=12667"},"modified":"2025-06-10T12:35:52","modified_gmt":"2025-06-10T10:35:52","slug":"movint-et-connecta-amb-el-futur-de-la-logistica-en-sil-barcelona-2025","status":"publish","type":"post","link":"https:\/\/www.movint.es\/ca\/movint-et-connecta-amb-el-futur-de-la-logistica-en-sil-barcelona-2025\/","title":{"rendered":"Movint et connecta amb el futur de la log\u00edstica en SIL Barcelona 2025"},"content":{"rendered":"<p><img class=\"emoji\" role=\"img\" draggable=\"false\" src=\"https:\/\/s.w.org\/images\/core\/emoji\/14.0.0\/svg\/1f50e.svg\" alt=\"\ud83d\udd0e\" \/>\u00a0Sabies que el 72% de les empreses log\u00edstiques ja estan fent el salt a l&#8217;automatitzaci\u00f3 intel\u00b7ligent?<br \/>\nEn\u00a0Movint\u00a0creiem que la veritable innovaci\u00f3 neix de connectar mons, el f\u00edsic i el digital per a optimitzar processos i maximitzar el valor per al client.<br \/>\n<img class=\"emoji\" role=\"img\" draggable=\"false\" src=\"https:\/\/s.w.org\/images\/core\/emoji\/14.0.0\/svg\/1f449.svg\" alt=\"\ud83d\udc49\" \/>\u00a0Veuen a descobrir com les nostres solucions de log\u00edstica integral, automatitzaci\u00f3 de magatzems i optimitzaci\u00f3 de processos poden transformar la teva cadena de subministrament. T&#8217;esperem!!<\/p>\n<p><img class=\"emoji\" role=\"img\" draggable=\"false\" src=\"https:\/\/s.w.org\/images\/core\/emoji\/14.0.0\/svg\/1f680.svg\" alt=\"\ud83d\ude80\" \/>\u00a0Ens veiem en\u00a0SIL\u00a0Barcelona 2025!<br \/>\n<img class=\"emoji\" role=\"img\" draggable=\"false\" src=\"https:\/\/s.w.org\/images\/core\/emoji\/14.0.0\/svg\/1f4cd.svg\" alt=\"\ud83d\udccd\" \/>\u00a0Montju\u00efc\u00a0\u2013\u00a0Fira\u00a0de Barcelona<br \/>\n<img class=\"emoji\" role=\"img\" draggable=\"false\" src=\"https:\/\/s.w.org\/images\/core\/emoji\/14.0.0\/svg\/1f4c5.svg\" alt=\"\ud83d\udcc5\" \/>\u00a018\u201320 de juny de 2025<br \/>\n<img class=\"emoji\" role=\"img\" draggable=\"false\" src=\"https:\/\/s.w.org\/images\/core\/emoji\/14.0.0\/svg\/1f4cc.svg\" alt=\"\ud83d\udccc\" \/>\u00a0Estand C326<br \/>\n<img class=\"emoji\" role=\"img\" draggable=\"false\" src=\"https:\/\/s.w.org\/images\/core\/emoji\/14.0.0\/svg\/1f39f.svg\" alt=\"\ud83c\udf9f\" \/>\u00a0Entrada gratu\u00efta:<a href=\"https:\/\/www.silbcn.com\/es\/visitar\/invitation_2025.html?or=4104571&amp;sec=df5rsd2\"> registra&#8217;t aqu\u00ed<\/a> i no et quedis fora de la fira m\u00e9s innovadora del sector.<\/p>\n","protected":false},"excerpt":{"rendered":"<p>\u00a0Sabies que el 72% de les empreses log\u00edstiques ja estan fent el salt a l&#8217;automatitzaci\u00f3 intel\u00b7ligent? En\u00a0Movint\u00a0creiem que la veritable innovaci\u00f3 neix de connectar mons, el f\u00edsic i el digital per a optimitzar processos i maximitzar el valor per al client. \u00a0Veuen a descobrir com les nostres solucions de log\u00edstica integral, automatitzaci\u00f3 de magatzems i&hellip;<\/p>\n","protected":false},"author":2,"featured_media":12658,"comment_status":"closed","ping_status":"closed","sticky":false,"template":"","format":"standard","meta":[],"categories":[52],"tags":[],"_links":{"self":[{"href":"https:\/\/www.movint.es\/ca\/wp-json\/wp\/v2\/posts\/12667"}],"collection":[{"href":"https:\/\/www.movint.es\/ca\/wp-json\/wp\/v2\/posts"}],"about":[{"href":"https:\/\/www.movint.es\/ca\/wp-json\/wp\/v2\/types\/post"}],"author":[{"embeddable":true,"href":"https:\/\/www.movint.es\/ca\/wp-json\/wp\/v2\/users\/2"}],"replies":[{"embeddable":true,"href":"https:\/\/www.movint.es\/ca\/wp-json\/wp\/v2\/comments?post=12667"}],"version-history":[{"count":1,"href":"https:\/\/www.movint.es\/ca\/wp-json\/wp\/v2\/posts\/12667\/revisions"}],"predecessor-version":[{"id":12668,"href":"https:\/\/www.movint.es\/ca\/wp-json\/wp\/v2\/posts\/12667\/revisions\/12668"}],"wp:featuredmedia":[{"embeddable":true,"href":"https:\/\/www.movint.es\/ca\/wp-json\/wp\/v2\/media\/12658"}],"wp:attachment":[{"href":"https:\/\/www.movint.es\/ca\/wp-json\/wp\/v2\/media?parent=12667"}],"wp:term":[{"taxonomy":"category","embeddable":true,"href":"https:\/\/www.movint.es\/ca\/wp-json\/wp\/v2\/categories?post=12667"},{"taxonomy":"post_tag","embeddable":true,"href":"https:\/\/www.movint.es\/ca\/wp-json\/wp\/v2\/tags?post=12667"}],"curies":[{"name":"wp","href":"https:\/\/api.w.org\/{rel}","templated":true}]}}