{"id":12558,"date":"2025-05-09T09:44:48","date_gmt":"2025-05-09T07:44:48","guid":{"rendered":"https:\/\/www.movint.es\/?p=12558"},"modified":"2025-05-30T09:59:11","modified_gmt":"2025-05-30T07:59:11","slug":"movint-sera-present-a-la-fira-sil-2025","status":"publish","type":"post","link":"https:\/\/www.movint.es\/ca\/movint-sera-present-a-la-fira-sil-2025\/","title":{"rendered":"\u00a1\u00a1Movint ser\u00e0 present a la Fira SIL 2025!!"},"content":{"rendered":"<article class=\"text-token-text-primary w-full\" dir=\"auto\" data-testid=\"conversation-turn-14\" data-scroll-anchor=\"true\">\n<div class=\"text-base my-auto mx-auto py-5 [--thread-content-margin:--spacing(4)] @[37rem]:[--thread-content-margin:--spacing(6)] @[72rem]:[--thread-content-margin:--spacing(16)] px-(--thread-content-margin)\">\n<div class=\"[--thread-content-max-width:32rem] @[34rem]:[--thread-content-max-width:40rem] @[64rem]:[--thread-content-max-width:48rem] mx-auto flex max-w-(--thread-content-max-width) flex-1 text-base gap-4 md:gap-5 lg:gap-6 group\/turn-messages focus-visible:outline-hidden\" tabindex=\"-1\">\n<div class=\"group\/conversation-turn relative flex w-full min-w-0 flex-col agent-turn\">\n<div class=\"relative flex-col gap-1 md:gap-3\">\n<div class=\"flex max-w-full flex-col grow\">\n<div class=\"min-h-8 text-message relative flex w-full flex-col items-end gap-2 text-start break-words whitespace-normal [.text-message+&amp;]:mt-5\" dir=\"auto\" data-message-author-role=\"assistant\" data-message-id=\"c5417237-7bd0-4809-b222-7a8fb258916f\" data-message-model-slug=\"gpt-4o\">\n<div class=\"flex w-full flex-col gap-1 empty:hidden first:pt-[3px]\">\n<div class=\"markdown prose dark:prose-invert w-full break-words light\">\n<p class=\"\" data-start=\"0\" data-end=\"146\">Estem molt il\u00b7lusionats d\u2019anunciar la nostra participaci\u00f3 a la SIL Barcelona 2025, la fira de log\u00edstica, transport, intralog\u00edstica i supply chain.<\/p>\n<p class=\"\" data-start=\"148\" data-end=\"248\">\ud83d\udccd On? Recinte Montju\u00efc \u2013 Fira de Barcelona<br data-start=\"191\" data-end=\"194\" \/>\ud83d\udcc5 Quan? 18, 19 i 20 de juny de 2025<br data-start=\"230\" data-end=\"233\" \/>\ud83d\udccc Estand: C326<\/p>\n<p class=\"\" data-start=\"250\" data-end=\"491\">Durant aquests tres dies, compartirem les nostres solucions en intralog\u00edstica, optimitzaci\u00f3 de processos i automatitzaci\u00f3 de magatzems. Una gran oportunitat per connectar, compartir coneixement i explorar noves oportunitats de col\u00b7laboraci\u00f3!<\/p>\n<p class=\"\" data-start=\"493\" data-end=\"539\">Vols assistir-hi gratu\u00eftament? <a href=\"https:\/\/www.silbcn.com\/es\/visitar\/invitation_2025.html?or=4104571&amp;sec=df5rsd2\">Registra\u2019t ara<\/a>!<\/p>\n<\/div>\n<\/div>\n<\/div>\n<\/div>\n<div class=\"flex justify-start\">\n<div class=\"touch:-me-2 touch:-ms-3.5 -ms-2.5 -me-1 flex items-center p-1 select-none -mt-1 duration-[1.5s] focus-within:transition-none hover:transition-none pointer-events-none [mask-image:linear-gradient(to_right,black_33%,transparent_66%)] [mask-position:100%_0%] [mask-size:300%_100%] motion-safe:transition-[mask-position] group-hover\/turn-messages:pointer-events-auto group-hover\/turn-messages:[mask-position:0_0] group-focus-within\/turn-messages:pointer-events-auto group-focus-within\/turn-messages:[mask-position:0_0] has-data-[state=open]:pointer-events-auto has-data-[state=open]:[mask-position:0_0]\"><\/div>\n<\/div>\n<div class=\"mt-3 w-full empty:hidden\">\n<div class=\"text-center\"><\/div>\n<\/div>\n<\/div>\n<div class=\"absolute\">\n<div class=\"flex items-center justify-center\"><\/div>\n<\/div>\n<\/div>\n<\/div>\n<\/div>\n<\/article>\n<div class=\"pointer-events-none h-px w-px\" aria-hidden=\"true\" data-edge=\"true\"><\/div>\n","protected":false},"excerpt":{"rendered":"<p>Estem molt il\u00b7lusionats d\u2019anunciar la nostra participaci\u00f3 a la SIL Barcelona 2025, la fira de log\u00edstica, transport, intralog\u00edstica i supply chain. \ud83d\udccd On? Recinte Montju\u00efc \u2013 Fira de Barcelona\ud83d\udcc5 Quan? 18, 19 i 20 de juny de 2025\ud83d\udccc Estand: C326 Durant aquests tres dies, compartirem les nostres solucions en intralog\u00edstica, optimitzaci\u00f3 de processos i automatitzaci\u00f3&hellip;<\/p>\n","protected":false},"author":2,"featured_media":12552,"comment_status":"closed","ping_status":"closed","sticky":false,"template":"","format":"standard","meta":[],"categories":[52],"tags":[],"_links":{"self":[{"href":"https:\/\/www.movint.es\/ca\/wp-json\/wp\/v2\/posts\/12558"}],"collection":[{"href":"https:\/\/www.movint.es\/ca\/wp-json\/wp\/v2\/posts"}],"about":[{"href":"https:\/\/www.movint.es\/ca\/wp-json\/wp\/v2\/types\/post"}],"author":[{"embeddable":true,"href":"https:\/\/www.movint.es\/ca\/wp-json\/wp\/v2\/users\/2"}],"replies":[{"embeddable":true,"href":"https:\/\/www.movint.es\/ca\/wp-json\/wp\/v2\/comments?post=12558"}],"version-history":[{"count":1,"href":"https:\/\/www.movint.es\/ca\/wp-json\/wp\/v2\/posts\/12558\/revisions"}],"predecessor-version":[{"id":12559,"href":"https:\/\/www.movint.es\/ca\/wp-json\/wp\/v2\/posts\/12558\/revisions\/12559"}],"wp:featuredmedia":[{"embeddable":true,"href":"https:\/\/www.movint.es\/ca\/wp-json\/wp\/v2\/media\/12552"}],"wp:attachment":[{"href":"https:\/\/www.movint.es\/ca\/wp-json\/wp\/v2\/media?parent=12558"}],"wp:term":[{"taxonomy":"category","embeddable":true,"href":"https:\/\/www.movint.es\/ca\/wp-json\/wp\/v2\/categories?post=12558"},{"taxonomy":"post_tag","embeddable":true,"href":"https:\/\/www.movint.es\/ca\/wp-json\/wp\/v2\/tags?post=12558"}],"curies":[{"name":"wp","href":"https:\/\/api.w.org\/{rel}","templated":true}]}}